{"id":2401,"date":"2025-05-18T16:00:29","date_gmt":"2025-05-18T14:00:29","guid":{"rendered":"http:\/\/buergerinitiative-region-staebelow.de\/?p=2401"},"modified":"2025-12-23T18:18:38","modified_gmt":"2025-12-23T17:18:38","slug":"beitrag-der-ard-zu-wirtschaftlichen-fakten-zur-windkraft","status":"publish","type":"post","link":"http:\/\/heimatverein-staebelow.de\/?p=2401","title":{"rendered":"Heimatstube"},"content":{"rendered":"<h5><a href=\"https:\/\/i0.wp.com\/heimatverein-staebelow.de\/wp-content\/uploads\/2021\/10\/Wendisches-Gebiet-im-Mittelalter-Kopie-Kopie.jpg\"><img data-recalc-dims=\"1\" loading=\"lazy\" decoding=\"async\" class=\"aligncenter wp-image-5036 size-large\" src=\"https:\/\/i0.wp.com\/heimatverein-staebelow.de\/wp-content\/uploads\/2021\/10\/Wendisches-Gebiet-im-Mittelalter-Kopie-Kopie.jpg?resize=604%2C438\" alt=\"\" width=\"604\" height=\"438\" srcset=\"https:\/\/i0.wp.com\/heimatverein-staebelow.de\/wp-content\/uploads\/2021\/10\/Wendisches-Gebiet-im-Mittelalter-Kopie-Kopie.jpg?resize=1150%2C834 1150w, https:\/\/i0.wp.com\/heimatverein-staebelow.de\/wp-content\/uploads\/2021\/10\/Wendisches-Gebiet-im-Mittelalter-Kopie-Kopie.jpg?resize=300%2C218 300w, https:\/\/i0.wp.com\/heimatverein-staebelow.de\/wp-content\/uploads\/2021\/10\/Wendisches-Gebiet-im-Mittelalter-Kopie-Kopie.jpg?resize=768%2C557 768w, https:\/\/i0.wp.com\/heimatverein-staebelow.de\/wp-content\/uploads\/2021\/10\/Wendisches-Gebiet-im-Mittelalter-Kopie-Kopie.jpg?w=1500 1500w, https:\/\/i0.wp.com\/heimatverein-staebelow.de\/wp-content\/uploads\/2021\/10\/Wendisches-Gebiet-im-Mittelalter-Kopie-Kopie.jpg?w=1208 1208w\" sizes=\"auto, (max-width: 604px) 100vw, 604px\" \/><\/a><\/h5>\n<h5 style=\"text-align: justify;\">Jeder Mensch ist in seinem Alltag in historische Bez\u00fcge eingebunden, die seine Einstellungen und sein Handeln pr\u00e4gen. Gleichzeitig wird er st\u00e4ndig mit Deutungen und Interpretationen von Geschichte konfrontiert. Die Pr\u00e4sentationen in der Heimatstube haben die Aufgabe, dieses Alltagsbewusstsein zu erweitern. So tr\u00e4gt die Auseinandersetzung mit der Vergangenheit zu einem besseren Verst\u00e4ndnis der Gegenwart bei. Damit bietet die Heimatstube Orientierungshilfe f\u00fcr Gegenwart und Zukunft.<\/h5>\n<h6 style=\"text-align: center;\"><a href=\"http:\/\/heimatverein-staebelow.de\/wp-content\/uploads\/2023\/04\/Chronik-der-Gemeinde-Staebelow-Kurzfassung.pdf\"><span style=\"color: #3366ff;\"><em><span style=\"color: #0000ff;\">Kurzchronik der Gemeinde St\u00e4below<\/span><\/em><\/span><\/a><\/h6>\n<h6 style=\"text-align: center;\"><span style=\"color: #0000ff;\"><a style=\"color: #0000ff;\" href=\"http:\/\/heimatverein-staebelow.de\/wp-content\/uploads\/2021\/01\/Urkund-Staebelow-Geschichte-3.pdf\"><em>INFO \u00fcber St\u00e4below<\/em><\/a><\/span><\/h6>\n<h2><a href=\"https:\/\/i0.wp.com\/heimatverein-staebelow.de\/wp-content\/uploads\/2023\/03\/Landleben-um-1912.png\"><img data-recalc-dims=\"1\" loading=\"lazy\" decoding=\"async\" class=\"aligncenter wp-image-5334 size-full\" src=\"https:\/\/i0.wp.com\/heimatverein-staebelow.de\/wp-content\/uploads\/2023\/03\/Landleben-um-1912.png?resize=604%2C129\" alt=\"\" width=\"604\" height=\"129\" srcset=\"https:\/\/i0.wp.com\/heimatverein-staebelow.de\/wp-content\/uploads\/2023\/03\/Landleben-um-1912.png?w=1500 1500w, https:\/\/i0.wp.com\/heimatverein-staebelow.de\/wp-content\/uploads\/2023\/03\/Landleben-um-1912.png?resize=300%2C64 300w, https:\/\/i0.wp.com\/heimatverein-staebelow.de\/wp-content\/uploads\/2023\/03\/Landleben-um-1912.png?resize=1150%2C246 1150w, https:\/\/i0.wp.com\/heimatverein-staebelow.de\/wp-content\/uploads\/2023\/03\/Landleben-um-1912.png?resize=768%2C164 768w, https:\/\/i0.wp.com\/heimatverein-staebelow.de\/wp-content\/uploads\/2023\/03\/Landleben-um-1912.png?w=1208 1208w\" sizes=\"auto, (max-width: 604px) 100vw, 604px\" \/><\/a><\/h2>\n<h2 style=\"text-align: center;\"><strong>Heimatgeschichten<\/strong><\/h2>\n<p style=\"text-align: center;\"><span style=\"color: #0000ff;\"><em><strong><a style=\"color: #0000ff;\" href=\"http:\/\/heimatverein-staebelow.de\/wp-content\/uploads\/2024\/06\/Das-Land-Drenow-mit-Lehngut-Bliesekow.pdf\">Das Land Drenow mit Lehngut Bliesekow<\/a><\/strong><\/em><\/span><\/p>\n<h6 style=\"text-align: center;\"><span style=\"color: #3366ff;\"><a style=\"color: #3366ff;\" href=\"http:\/\/heimatverein-staebelow.de\/wp-content\/uploads\/2021\/03\/Die-Wundereiche-von-Staebelow.pdf\"><em><strong><span style=\"color: #0000ff;\">Die-Wundereiche-von-Staebelow<\/span><\/strong><\/em><\/a><\/span><\/h6>\n<h6 style=\"text-align: center;\"><span style=\"color: #0000ff;\"><a style=\"color: #0000ff;\" href=\"http:\/\/heimatverein-staebelow.de\/wp-content\/uploads\/2021\/01\/Die-feindlichen-Elemente-Staebelow-und-Parkentin-Willen-ok-Hansestaedte-sin..pdf\"><em><strong>Die-feindlichen-Elemente-Staebelow-und-Parkentin-Willen-ok-Hansestaedte-sin.<\/strong><\/em><\/a><\/span><\/h6>\n<h6 style=\"text-align: center;\"><span style=\"color: #0000ff;\"><a style=\"color: #0000ff;\" href=\"http:\/\/heimatverein-staebelow.de\/wp-content\/uploads\/2021\/04\/Biestower-und-Haegerortsche-Tracht-Staebelow.pdf\"><em><strong>Biestower -und H\u00e4gerortsche- Tracht<\/strong><\/em><\/a><\/span><\/h6>\n<h6 style=\"text-align: center;\"><span style=\"color: #0000ff;\"><a style=\"color: #0000ff;\" href=\"http:\/\/heimatverein-staebelow.de\/wp-content\/uploads\/2021\/07\/Frauen-auf-dem-Maehdrescher-LPG-Staebelow.pdf\"><strong><em>Damenmannschaft f\u00fcr M\u00e4hdrescher 1970 gesucht!<\/em><\/strong><\/a><\/span><\/h6>\n<h6 style=\"text-align: center;\"><span style=\"color: #0000ff;\"><a style=\"color: #0000ff;\" href=\"http:\/\/heimatverein-staebelow.de\/wp-content\/uploads\/2021\/08\/Erinnerungen-von-Horst-Krause-an-die-LPG.pdf\"><em><strong>Erinnerungen von Horst Krause an die LPG &#8211; Zeit<\/strong><\/em><\/a><\/span><\/h6>\n<h6 style=\"text-align: center;\"><a href=\"http:\/\/heimatverein-staebelow.de\/wp-content\/uploads\/2022\/08\/Gasthaus-Staebelow.pdf\"><em><span style=\"color: #0000ff;\">Gasthaus zur K\u00fchlen Quelle St\u00e4below<\/span><\/em><\/a><\/h6>\n<h6 style=\"text-align: center;\"><span style=\"color: #0000ff;\"><em><strong><a href=\"http:\/\/heimatverein-staebelow.de\/wp-content\/uploads\/2022\/12\/Das-Kirchdorf-Staebelow-1896.pdf\"><span style=\"color: #0000ff;\">Das -Kirchdorf -St\u00e4below 1896<\/span><\/a><\/strong><\/em><\/span><\/h6>\n<h4 style=\"text-align: center;\"><strong>Neugierig geworden, dann schauen sie doch mal vorbei!<\/strong><\/h4>\n<h6 style=\"text-align: center;\">Heimatstube \u2013 Leiter Projektgruppe\u00a0 Hans Joachim B\u00f6sener<\/h6>\n<p style=\"text-align: center;\"><span style=\"color: #0000ff;\"><em>Rainer Zschoch, Marcus F\u00e4hnrich, Reinhard Peter, Wolfgang Kr\u00f6ger, Karl Heinz Schulze, Hoger Fox<\/em><\/span><\/p>\n<h6 style=\"text-align: center;\">Fotochronik \u2013 Leiter Projektgruppe\u00a0 Rainer Zschoch<\/h6>\n<p style=\"text-align: center;\"><span style=\"color: #0000ff;\"><em>Marcus F\u00e4hnrich<\/em><\/span><\/p>\n<h6 style=\"text-align: center;\">Sommerfest &#8211; Leiter Projektgruppe Matthias Rehbeg\/ Daniela Sigglow<\/h6>\n<p style=\"text-align: center;\"><span style=\"color: #0000ff;\"><em>Wolfgang Kr\u00f6ger<\/em><\/span><\/p>\n<h6>Landfrauen n\u00e4hen, h\u00e4keln und stricken &#8211; Projektgruppe &#8222;Rund um die Nadel\u201c Leiterin Sandra Degner<\/h6>\n<p style=\"text-align: center;\"><span style=\"color: #0000ff;\"><em>Maria Stropp, Ivonne Schubert, Barbara Steinkraus, Katrin Teichmann, <\/em><\/span><\/p>\n<p style=\"text-align: center;\"><span style=\"color: #0000ff;\"><em>Uta Schumacher, Sarah Sigglow<\/em><\/span><\/p>\n<p>Wir Landfrauen sind engagierte Frauen im l\u00e4ndlichen Raum, die sich mit verschiedenen Handarbeitstechniken wie N\u00e4hen H\u00e4keln und Stricken besch\u00e4ftigen. Diese Aktivit\u00e4ten sind nicht nur kreative Hobbys, sondern auch eine M\u00f6glichkeit, Traditionen zu bewahren und die Gemeinschaft zu f\u00f6rdern. Beim N\u00e4hen, H\u00e4keln und Stricken entstehen oft praktische und sch\u00f6ne Dinge wie Kleidung, Heimtextilien oder Geschenke. Viele Landfrauen treffen sich in Gruppen, um gemeinsam zu arbeiten, sich auszutauschen und neue Techniken zu erlernen. Diese Treffen st\u00e4rken nicht nur den sozialen Zusammenhalt, sondern bieten auch eine Plattform f\u00fcr den Austausch von Ideen und Erfahrungen.<\/p>\n<p><a href=\"https:\/\/i0.wp.com\/heimatverein-staebelow.de\/wp-content\/uploads\/2023\/10\/08.2024-Naeherinnen-HV-Staebelow-Sommerfest.png\"><img data-recalc-dims=\"1\" loading=\"lazy\" decoding=\"async\" class=\"aligncenter wp-image-5607 size-large\" src=\"https:\/\/i0.wp.com\/heimatverein-staebelow.de\/wp-content\/uploads\/2023\/10\/08.2024-Naeherinnen-HV-Staebelow-Sommerfest.png?resize=604%2C449\" alt=\"\" width=\"604\" height=\"449\" srcset=\"https:\/\/i0.wp.com\/heimatverein-staebelow.de\/wp-content\/uploads\/2023\/10\/08.2024-Naeherinnen-HV-Staebelow-Sommerfest.png?resize=1150%2C854 1150w, https:\/\/i0.wp.com\/heimatverein-staebelow.de\/wp-content\/uploads\/2023\/10\/08.2024-Naeherinnen-HV-Staebelow-Sommerfest.png?resize=300%2C223 300w, https:\/\/i0.wp.com\/heimatverein-staebelow.de\/wp-content\/uploads\/2023\/10\/08.2024-Naeherinnen-HV-Staebelow-Sommerfest.png?resize=768%2C570 768w, https:\/\/i0.wp.com\/heimatverein-staebelow.de\/wp-content\/uploads\/2023\/10\/08.2024-Naeherinnen-HV-Staebelow-Sommerfest.png?w=1208 1208w\" sizes=\"auto, (max-width: 604px) 100vw, 604px\" \/><\/a><\/p>\n<p>Zusammenfassend l\u00e4sst sich sagen, dass Landfrauen, die n\u00e4hen, h\u00e4keln und stricken, kreative und gemeinschaftsorientierte Frauen sind, die ihre F\u00e4higkeiten nutzen, um sowohl praktische als auch \u00e4sthetische Projekte zu verwirklichen. Und wenn auch das m\u00e4nnliche Geschlecht aktiv werden m\u00f6chte, herzlich willkommen!<\/p>\n<p><a href=\"https:\/\/i0.wp.com\/heimatverein-staebelow.de\/wp-content\/uploads\/2021\/10\/8-DSCN0787-2.jpg\"><img data-recalc-dims=\"1\" loading=\"lazy\" decoding=\"async\" class=\"alignnone wp-image-5059 size-thumbnail\" src=\"https:\/\/i0.wp.com\/heimatverein-staebelow.de\/wp-content\/uploads\/2021\/10\/8-DSCN0787-2.jpg?resize=150%2C150\" alt=\"\" width=\"150\" height=\"150\" srcset=\"https:\/\/i0.wp.com\/heimatverein-staebelow.de\/wp-content\/uploads\/2021\/10\/8-DSCN0787-2.jpg?resize=150%2C150 150w, https:\/\/i0.wp.com\/heimatverein-staebelow.de\/wp-content\/uploads\/2021\/10\/8-DSCN0787-2.jpg?zoom=2&amp;resize=150%2C150 300w, https:\/\/i0.wp.com\/heimatverein-staebelow.de\/wp-content\/uploads\/2021\/10\/8-DSCN0787-2.jpg?zoom=3&amp;resize=150%2C150 450w\" sizes=\"auto, (max-width: 150px) 100vw, 150px\" \/> <\/a><a href=\"https:\/\/i0.wp.com\/heimatverein-staebelow.de\/wp-content\/uploads\/2021\/02\/IMG_0986-3.jpg\"><img data-recalc-dims=\"1\" loading=\"lazy\" decoding=\"async\" class=\"alignnone wp-image-4647 size-thumbnail\" src=\"https:\/\/i0.wp.com\/heimatverein-staebelow.de\/wp-content\/uploads\/2021\/02\/IMG_0986-3.jpg?resize=150%2C150\" alt=\"\" width=\"150\" height=\"150\" srcset=\"https:\/\/i0.wp.com\/heimatverein-staebelow.de\/wp-content\/uploads\/2021\/02\/IMG_0986-3.jpg?resize=150%2C150 150w, https:\/\/i0.wp.com\/heimatverein-staebelow.de\/wp-content\/uploads\/2021\/02\/IMG_0986-3.jpg?zoom=2&amp;resize=150%2C150 300w, https:\/\/i0.wp.com\/heimatverein-staebelow.de\/wp-content\/uploads\/2021\/02\/IMG_0986-3.jpg?zoom=3&amp;resize=150%2C150 450w\" sizes=\"auto, (max-width: 150px) 100vw, 150px\" \/> <\/a><a href=\"https:\/\/i0.wp.com\/heimatverein-staebelow.de\/wp-content\/uploads\/2021\/01\/Naeherinnen.jpg\"><img data-recalc-dims=\"1\" loading=\"lazy\" decoding=\"async\" class=\"alignnone wp-image-4077 size-thumbnail\" src=\"https:\/\/i0.wp.com\/heimatverein-staebelow.de\/wp-content\/uploads\/2021\/01\/Naeherinnen.jpg?resize=150%2C150\" alt=\"\" width=\"150\" height=\"150\" srcset=\"https:\/\/i0.wp.com\/heimatverein-staebelow.de\/wp-content\/uploads\/2021\/01\/Naeherinnen.jpg?resize=150%2C150 150w, https:\/\/i0.wp.com\/heimatverein-staebelow.de\/wp-content\/uploads\/2021\/01\/Naeherinnen.jpg?zoom=2&amp;resize=150%2C150 300w, https:\/\/i0.wp.com\/heimatverein-staebelow.de\/wp-content\/uploads\/2021\/01\/Naeherinnen.jpg?zoom=3&amp;resize=150%2C150 450w\" sizes=\"auto, (max-width: 150px) 100vw, 150px\" \/><\/a><\/p>\n<h6 style=\"text-align: center;\">Landfrauen Tanzen- Leiterin Projektgruppe Andrea Perl<\/h6>\n<p style=\"text-align: center;\"><span style=\"color: #0000ff;\"><em>Katrin Wilfert, Sabine Januschat, Jenny Hein, Anke Kruszizynski, Monika B\u00f6hme, <\/em><\/span><\/p>\n<p style=\"text-align: center;\"><span style=\"color: #0000ff;\"><em>Manuela Fox, Jana L\u00e4dke, Edeltraut Zschoch, Uta Schumacher, Daniela Sigglow<\/em><\/span><\/p>\n<p style=\"text-align: justify;\" data-start=\"286\" data-end=\"595\">Fr\u00fcher waren es vor allem volkst\u00fcmliche T\u00e4nze, wie der &#8222;Schwaben-Tanz&#8220;, &#8222;Walzer&#8220; oder &#8222;Polka&#8220;, die bei Dorffesten, Hochzeiten oder Erntedankfesten getanzt wurden. Diese Tradition hat sich nicht ganz aufgel\u00f6st, aber heute tanzen Landfrauen oft auch zu moderneren Rhythmen, wie Schlager, Pop oder Country-Musik.<\/p>\n<p style=\"text-align: justify;\" data-start=\"597\" data-end=\"884\">Unsere Tanzgruppe f\u00fcr Frauen auf dem Land bietet nicht nur die M\u00f6glichkeit, sich t\u00e4nzerisch zu bet\u00e4tigen, sondern auch, in geselliger Runde zusammenzukommen. Diese Veranstaltungen sind oft eine Mischung aus Fitness, Spa\u00df und gesellschaftlicher Begegnung.<\/p>\n<hr \/>\n<div class=\"twoclick_social_bookmarks_post_2401 social_share_privacy clearfix 1.6.4 locale-de_DE sprite-de_DE\"><\/div><div class=\"twoclick-js\"><script type=\"text\/javascript\">\/* <![CDATA[ *\/\njQuery(document).ready(function($){if($('.twoclick_social_bookmarks_post_2401')){$('.twoclick_social_bookmarks_post_2401').socialSharePrivacy({\"txt_help\":\"Wenn Sie diese Felder durch einen Klick aktivieren, werden Informationen an Facebook, Twitter, Flattr, Xing, t3n, LinkedIn, Pinterest oder Google eventuell ins Ausland \\u00fcbertragen und unter Umst\\u00e4nden auch dort gespeichert. N\\u00e4heres erfahren Sie durch einen Klick auf das <em>i<\\\/em>.\",\"settings_perma\":\"Dauerhaft aktivieren und Daten\\u00fcber-tragung zustimmen:\",\"info_link\":\"http:\\\/\\\/www.heise.de\\\/ct\\\/artikel\\\/2-Klicks-fuer-mehr-Datenschutz-1333879.html\",\"uri\":\"http:\\\/\\\/heimatverein-staebelow.de\\\/?p=2401\",\"post_id\":2401,\"post_title_referrer_track\":\"Heimatstube\",\"display_infobox\":\"on\"});}});\n\/* ]]> *\/<\/script><\/div>","protected":false},"excerpt":{"rendered":"<p>Jeder Mensch ist in seinem Alltag in historische Bez\u00fcge eingebunden, die seine Einstellungen und sein Handeln pr\u00e4gen. Gleichzeitig wird er st\u00e4ndig mit Deutungen und Interpretationen von Geschichte konfrontiert. Die Pr\u00e4sentationen in der Heimatstube haben die Aufgabe, dieses Alltagsbewusstsein zu erweitern. So tr\u00e4gt die Auseinandersetzung mit der Vergangenheit zu einem besseren Verst\u00e4ndnis der Gegenwart bei. Damit &hellip; <a href=\"http:\/\/heimatverein-staebelow.de\/?p=2401\" class=\"more-link\"><span class=\"screen-reader-text\">Heimatstube<\/span> weiterlesen <span class=\"meta-nav\">&rarr;<\/span><\/a><\/p>\n","protected":false},"author":2,"featured_media":0,"comment_status":"closed","ping_status":"closed","sticky":false,"template":"","format":"standard","meta":{"_jetpack_memberships_contains_paid_content":false,"footnotes":""},"categories":[1],"tags":[],"class_list":["post-2401","post","type-post","status-publish","format-standard","hentry","category-allgemeines"],"jetpack_featured_media_url":"","jetpack_sharing_enabled":true,"_links":{"self":[{"href":"http:\/\/heimatverein-staebelow.de\/index.php?rest_route=\/wp\/v2\/posts\/2401","targetHints":{"allow":["GET"]}}],"collection":[{"href":"http:\/\/heimatverein-staebelow.de\/index.php?rest_route=\/wp\/v2\/posts"}],"about":[{"href":"http:\/\/heimatverein-staebelow.de\/index.php?rest_route=\/wp\/v2\/types\/post"}],"author":[{"embeddable":true,"href":"http:\/\/heimatverein-staebelow.de\/index.php?rest_route=\/wp\/v2\/users\/2"}],"replies":[{"embeddable":true,"href":"http:\/\/heimatverein-staebelow.de\/index.php?rest_route=%2Fwp%2Fv2%2Fcomments&post=2401"}],"version-history":[{"count":80,"href":"http:\/\/heimatverein-staebelow.de\/index.php?rest_route=\/wp\/v2\/posts\/2401\/revisions"}],"predecessor-version":[{"id":5692,"href":"http:\/\/heimatverein-staebelow.de\/index.php?rest_route=\/wp\/v2\/posts\/2401\/revisions\/5692"}],"wp:attachment":[{"href":"http:\/\/heimatverein-staebelow.de\/index.php?rest_route=%2Fwp%2Fv2%2Fmedia&parent=2401"}],"wp:term":[{"taxonomy":"category","embeddable":true,"href":"http:\/\/heimatverein-staebelow.de\/index.php?rest_route=%2Fwp%2Fv2%2Fcategories&post=2401"},{"taxonomy":"post_tag","embeddable":true,"href":"http:\/\/heimatverein-staebelow.de\/index.php?rest_route=%2Fwp%2Fv2%2Ftags&post=2401"}],"curies":[{"name":"wp","href":"https:\/\/api.w.org\/{rel}","templated":true}]}}