{"id":5135,"date":"2026-01-15T10:00:53","date_gmt":"2026-01-15T09:00:53","guid":{"rendered":"http:\/\/heimatverein-staebelow.de\/?p=5135"},"modified":"2026-01-15T13:16:27","modified_gmt":"2026-01-15T12:16:27","slug":"nachruf-horst-broederstoerp","status":"publish","type":"post","link":"http:\/\/heimatverein-staebelow.de\/?p=5135","title":{"rendered":"\u00d6ffentlich Mitgliederwerbung"},"content":{"rendered":"<h5><a href=\"http:\/\/heimatverein-staebelow.de\/wp-content\/uploads\/2026\/01\/Wie-koennen-wir-den-Dorfkern-von-Staebelow-mit-den-denkmalgeschuetzten-Gebaeuden-den-Baeumen-und-dem-Dorfteich-fuer-zukuenftige-Generationen-erhalten.pdf\">Wie k\u00f6nnen wir den Dorfkern von St\u00e4below mit den denkmalgesch\u00fctzten Geb\u00e4uden, den B\u00e4umen und dem Dorfteich f\u00fcr zuk\u00fcnftige Generationen erhalten<\/a><\/h5>\n<h5><a href=\"http:\/\/heimatverein-staebelow.de\/wp-content\/uploads\/2022\/09\/Mitarbeit-in-unserem-Verein-1.pdf\"><strong>Mitarbeit in unserem Verein, hier weiter lesen &#8230;..<\/strong><\/a><\/h5>\n<div class=\"twoclick_social_bookmarks_post_5135 social_share_privacy clearfix 1.6.4 locale-de_DE sprite-de_DE\"><\/div><div class=\"twoclick-js\"><script type=\"text\/javascript\">\/* <![CDATA[ *\/\njQuery(document).ready(function($){if($('.twoclick_social_bookmarks_post_5135')){$('.twoclick_social_bookmarks_post_5135').socialSharePrivacy({\"txt_help\":\"Wenn Sie diese Felder durch einen Klick aktivieren, werden Informationen an Facebook, Twitter, Flattr, Xing, t3n, LinkedIn, Pinterest oder Google eventuell ins Ausland \\u00fcbertragen und unter Umst\\u00e4nden auch dort gespeichert. N\\u00e4heres erfahren Sie durch einen Klick auf das <em>i<\\\/em>.\",\"settings_perma\":\"Dauerhaft aktivieren und Daten\\u00fcber-tragung zustimmen:\",\"info_link\":\"http:\\\/\\\/www.heise.de\\\/ct\\\/artikel\\\/2-Klicks-fuer-mehr-Datenschutz-1333879.html\",\"uri\":\"http:\\\/\\\/heimatverein-staebelow.de\\\/?p=5135\",\"post_id\":5135,\"post_title_referrer_track\":\"%C3%96ffentlich+Mitgliederwerbung\",\"display_infobox\":\"on\"});}});\n\/* ]]> *\/<\/script><\/div>","protected":false},"excerpt":{"rendered":"<p>Wie k\u00f6nnen wir den Dorfkern von St\u00e4below mit den denkmalgesch\u00fctzten Geb\u00e4uden, den B\u00e4umen und dem Dorfteich f\u00fcr zuk\u00fcnftige Generationen erhalten Mitarbeit in unserem Verein, hier weiter lesen &#8230;..<\/p>\n","protected":false},"author":2,"featured_media":0,"comment_status":"closed","ping_status":"closed","sticky":false,"template":"","format":"standard","meta":{"_jetpack_memberships_contains_paid_content":false,"footnotes":""},"categories":[1],"tags":[],"class_list":["post-5135","post","type-post","status-publish","format-standard","hentry","category-allgemeines"],"jetpack_featured_media_url":"","jetpack_sharing_enabled":true,"_links":{"self":[{"href":"http:\/\/heimatverein-staebelow.de\/index.php?rest_route=\/wp\/v2\/posts\/5135","targetHints":{"allow":["GET"]}}],"collection":[{"href":"http:\/\/heimatverein-staebelow.de\/index.php?rest_route=\/wp\/v2\/posts"}],"about":[{"href":"http:\/\/heimatverein-staebelow.de\/index.php?rest_route=\/wp\/v2\/types\/post"}],"author":[{"embeddable":true,"href":"http:\/\/heimatverein-staebelow.de\/index.php?rest_route=\/wp\/v2\/users\/2"}],"replies":[{"embeddable":true,"href":"http:\/\/heimatverein-staebelow.de\/index.php?rest_route=%2Fwp%2Fv2%2Fcomments&post=5135"}],"version-history":[{"count":17,"href":"http:\/\/heimatverein-staebelow.de\/index.php?rest_route=\/wp\/v2\/posts\/5135\/revisions"}],"predecessor-version":[{"id":5712,"href":"http:\/\/heimatverein-staebelow.de\/index.php?rest_route=\/wp\/v2\/posts\/5135\/revisions\/5712"}],"wp:attachment":[{"href":"http:\/\/heimatverein-staebelow.de\/index.php?rest_route=%2Fwp%2Fv2%2Fmedia&parent=5135"}],"wp:term":[{"taxonomy":"category","embeddable":true,"href":"http:\/\/heimatverein-staebelow.de\/index.php?rest_route=%2Fwp%2Fv2%2Fcategories&post=5135"},{"taxonomy":"post_tag","embeddable":true,"href":"http:\/\/heimatverein-staebelow.de\/index.php?rest_route=%2Fwp%2Fv2%2Ftags&post=5135"}],"curies":[{"name":"wp","href":"https:\/\/api.w.org\/{rel}","templated":true}]}}